{"id":158,"date":"2021-04-09T14:27:50","date_gmt":"2021-04-09T14:27:50","guid":{"rendered":"https:\/\/hein-blog.iconomic-dev2.de\/?p=158"},"modified":"2024-12-03T16:22:50","modified_gmt":"2024-12-03T16:22:50","slug":"optisch-sehr-gelungen","status":"publish","type":"post","link":"https:\/\/www.schreinerei-hein.de\/blog\/optisch-sehr-gelungen\/","title":{"rendered":"Optisch sehr gelungen"},"content":{"rendered":"\n<p>Heute erreichten uns die Bilder der Fotografin Katrin Heyer von unserem Bauvorhaben Wulfenia am Friedrich-Ebert-Ring in W\u00fcrzburg. <\/p>\n\n\n\n<!--more-->\n\n\n\n<p>Nach den Pl\u00e4nen des Architekturb\u00fcros Oechsner wurde unser Glas Trennwand System HEIN AC1 mit wei\u00df pulverbeschichteten Aluminium Profilen eingesetzt. Wir finden die Verbindung mit den Bauteilen aus rohem Fichtenholz optisch sehr gelungen und w\u00fcnschen der Firma frohes und kreatives Arbeiten in den sch\u00f6nen neuen B\u00fcror\u00e4umen.<\/p>\n\n\n\n<p class=\"button-referent\"><a href=\"https:\/\/www.schreinerei-hein.de\/referenzen\/glas\/wulfenia_wue.html\" data-type=\"link\" data-id=\"https:\/\/www.iconomic.de\/projekte\/hein_preview17_24\/referenzen\/glas\/wulfenia_wue.html\">Zur Referenz<\/a><\/p>\n\n\n\n<p><\/p>\n","protected":false},"excerpt":{"rendered":"<p>Heute erreichten uns die Bilder der Fotografin Katrin Heyer von unserem Bauvorhaben Wulfenia am Friedrich-Ebert-Ring in W\u00fcrzburg.<\/p>\n","protected":false},"author":1,"featured_media":161,"comment_status":"open","ping_status":"open","sticky":false,"template":"","format":"standard","meta":{"pgc_sgb_lightbox_settings":"","footnotes":""},"categories":[18,2],"tags":[5,3],"class_list":["post-158","post","type-post","status-publish","format-standard","has-post-thumbnail","hentry","category-alle","category-projekte","tag-glas","tag-projekte"],"_links":{"self":[{"href":"https:\/\/www.schreinerei-hein.de\/blog\/wp-json\/wp\/v2\/posts\/158","targetHints":{"allow":["GET"]}}],"collection":[{"href":"https:\/\/www.schreinerei-hein.de\/blog\/wp-json\/wp\/v2\/posts"}],"about":[{"href":"https:\/\/www.schreinerei-hein.de\/blog\/wp-json\/wp\/v2\/types\/post"}],"author":[{"embeddable":true,"href":"https:\/\/www.schreinerei-hein.de\/blog\/wp-json\/wp\/v2\/users\/1"}],"replies":[{"embeddable":true,"href":"https:\/\/www.schreinerei-hein.de\/blog\/wp-json\/wp\/v2\/comments?post=158"}],"version-history":[{"count":3,"href":"https:\/\/www.schreinerei-hein.de\/blog\/wp-json\/wp\/v2\/posts\/158\/revisions"}],"predecessor-version":[{"id":265,"href":"https:\/\/www.schreinerei-hein.de\/blog\/wp-json\/wp\/v2\/posts\/158\/revisions\/265"}],"wp:featuredmedia":[{"embeddable":true,"href":"https:\/\/www.schreinerei-hein.de\/blog\/wp-json\/wp\/v2\/media\/161"}],"wp:attachment":[{"href":"https:\/\/www.schreinerei-hein.de\/blog\/wp-json\/wp\/v2\/media?parent=158"}],"wp:term":[{"taxonomy":"category","embeddable":true,"href":"https:\/\/www.schreinerei-hein.de\/blog\/wp-json\/wp\/v2\/categories?post=158"},{"taxonomy":"post_tag","embeddable":true,"href":"https:\/\/www.schreinerei-hein.de\/blog\/wp-json\/wp\/v2\/tags?post=158"}],"curies":[{"name":"wp","href":"https:\/\/api.w.org\/{rel}","templated":true}]}}