{"id":223,"date":"2024-09-27T10:03:48","date_gmt":"2024-09-27T10:03:48","guid":{"rendered":"https:\/\/hein-blog.iconomic-dev2.de\/?p=223"},"modified":"2024-12-03T14:11:37","modified_gmt":"2024-12-03T14:11:37","slug":"meisterhaft-unser-leo-gehoert-zu-bayerns-besten","status":"publish","type":"post","link":"https:\/\/www.schreinerei-hein.de\/blog\/meisterhaft-unser-leo-gehoert-zu-bayerns-besten\/","title":{"rendered":"Meisterhaft: Unser Leo geh\u00f6rt zu Bayerns Besten"},"content":{"rendered":"\n<p><\/p>\n\n\n\n<p>Im September nahm unser Mitarbeiter Leo an den Bayerischen Meisterschaften im Schreinerhandwerk teil. Diese finden j\u00e4hrlich in Garmisch-Partenkirchen statt.<\/p>\n\n\n\n<!--more-->\n\n\n\n<p>Der bundesweite Wettbewerb des deutschen Handwerks ist ein dreistufiger Wettkampf, der von der Kammer-, \u00fcber die Landes- bis zur Bundesebene ausgetragen wird. Nur die besten Nachwuchsschreinerinnen und -schreiner werden dazu eingeladen. Wir sind stolz und dankbar uns hier mit Bayerns Elite in der Schreinerkunst messen zu k\u00f6nnen.<\/p>\n\n\n\n<p>F\u00fcr alle die mehr dar\u00fcber erfahren m\u00f6chten, haben wir hier einen sehr interessanten Artikel \u00fcber die Meisterschaft hinterlegt.<\/p>\n\n\n\n<div class=\"wp-block-file button-download\"><a id=\"wp-block-file--media-da9175b5-700a-4a5c-ad52-fe28101a8972\" href=\"https:\/\/hein-blog.iconomic-dev2.de\/wp-content\/uploads\/2024\/11\/MASSSTAB-4-2024-Auszug_Bayerische_Meisterschaft-1.pdf\">Artikel Bayerische Meisterschaft<\/a><\/div>\n\n\n\n<p><\/p>\n","protected":false},"excerpt":{"rendered":"<p>Im September nahm unser Mitarbeiter Leo an den Bayerischen Meisterschaften im Schreinerhandwerk teil. Diese finden j\u00e4hrlich in Garmisch-Partenkirchen statt.<\/p>\n","protected":false},"author":2,"featured_media":224,"comment_status":"open","ping_status":"open","sticky":false,"template":"","format":"standard","meta":{"pgc_sgb_lightbox_settings":"","footnotes":""},"categories":[18,1],"tags":[4],"class_list":["post-223","post","type-post","status-publish","format-standard","has-post-thumbnail","hentry","category-alle","category-unternehmen","tag-unternehmen"],"_links":{"self":[{"href":"https:\/\/www.schreinerei-hein.de\/blog\/wp-json\/wp\/v2\/posts\/223","targetHints":{"allow":["GET"]}}],"collection":[{"href":"https:\/\/www.schreinerei-hein.de\/blog\/wp-json\/wp\/v2\/posts"}],"about":[{"href":"https:\/\/www.schreinerei-hein.de\/blog\/wp-json\/wp\/v2\/types\/post"}],"author":[{"embeddable":true,"href":"https:\/\/www.schreinerei-hein.de\/blog\/wp-json\/wp\/v2\/users\/2"}],"replies":[{"embeddable":true,"href":"https:\/\/www.schreinerei-hein.de\/blog\/wp-json\/wp\/v2\/comments?post=223"}],"version-history":[{"count":11,"href":"https:\/\/www.schreinerei-hein.de\/blog\/wp-json\/wp\/v2\/posts\/223\/revisions"}],"predecessor-version":[{"id":254,"href":"https:\/\/www.schreinerei-hein.de\/blog\/wp-json\/wp\/v2\/posts\/223\/revisions\/254"}],"wp:featuredmedia":[{"embeddable":true,"href":"https:\/\/www.schreinerei-hein.de\/blog\/wp-json\/wp\/v2\/media\/224"}],"wp:attachment":[{"href":"https:\/\/www.schreinerei-hein.de\/blog\/wp-json\/wp\/v2\/media?parent=223"}],"wp:term":[{"taxonomy":"category","embeddable":true,"href":"https:\/\/www.schreinerei-hein.de\/blog\/wp-json\/wp\/v2\/categories?post=223"},{"taxonomy":"post_tag","embeddable":true,"href":"https:\/\/www.schreinerei-hein.de\/blog\/wp-json\/wp\/v2\/tags?post=223"}],"curies":[{"name":"wp","href":"https:\/\/api.w.org\/{rel}","templated":true}]}}